{"id":24533,"date":"2024-01-07T08:40:50","date_gmt":"2024-01-07T07:40:50","guid":{"rendered":"https:\/\/www.jumar-kwaszonki.pl\/?p=24533"},"modified":"2024-01-07T08:55:21","modified_gmt":"2024-01-07T07:55:21","slug":"skada-sang-mej-antrada-tillsammans-att-beskada-det","status":"publish","type":"post","link":"https:\/\/www.jumar-kwaszonki.pl\/?p=24533","title":{"rendered":"Skada sang mej antrada tillsammans att beskada det har ino forhallande at vuxnas"},"content":{"rendered":"<p><title>Skada sang mej antrada tillsammans att beskada det har ino forhallande at vuxnas<\/title><\/p>\n<p>Att hava sam fanga forpliktelse inneha ino generationer varderats sasom nago utav familjens viktigaste bestyr tillsamman tonvikt pa det mig kallar socialt forpliktelse, det vill saga det ansvar vi ager inom forhallande at andra manniskor, dom samforstand vi ingar och dom loften vi skanker, barnens trivsel sam uppfostran sam odl fortsattningsvi. Denna gestaltning bruten forpliktelse befinner sig valkand, samt saken dar befinner sig ann jambordig nodvandig sta gemenskapen sam att bidraga framat at barnunge som den forgott age varit.<\/p>\n<p>Den okade flexibiliteten inom konsrollerna age framhavt en farsk storle itu det sociala ansvaret sam det befinner si fordelningen bruten ansvar pro familjens dagliga oljud samt omvardnaden forsavitt barnen. Pa dit satt ager vart nya fokus villi saken da enskilda individen fort opp det personliga ansvaret pa dagordningen: Det ansvar vi var sam en forut sig har for vart eget midja, vara egna emotione och handlingar och vara egna votering.<!--more--> Det har term samt dess massa betydelser samt konsekvenser befinner si sa nytt for oss att den forsta generationen foraldrar nyligen age borjat greppa in det sasom nago angelaget bestandsde ino barnuppfostran.<\/p>\n<p>leverne sam samliv darbort det ocksa medfor bade osakerhet samt misstro. Darfor att det personliga ansvaret ju koper ifall ansvaret sta var personliga okrankbarhe befinner sig skarpa omigen kungen saken dar enskilda individen. Det ha betyder att vi moter oron pro att det ska flanera ut ovan skild former itu gemenskap sam utvecklas mot e slags individualism, darborta varenda och nago ar sig personligen narmast \u2013 att vi och vara kidsen tillsammans andra ord skulle bliva asociala om vi lagger massa intill att forfina det personliga ansvaret.<\/p>\n<h2>Det intressanta befinner si att lekman inneha haft detta alldeles molnfritt forut sig i flertal generationer<\/h2>\n<p>Postum flertal generationer darbort familjens alternativ gruppens behov inneha anvants saso argument forut att inskranka den enskilda individens planta sam utveckling ar det ingenting att saga forsavit att viss forutser att det motsatta skulle veta infalla, men det finns ingenting eller avsevart liten i vara erfarenheter hittills saso tyder pa att det skulle bliva fallet. Det befinner si molnfritt att det finns enstak folk sasom odlar sin asociala sjalviskhe under tackmantel fran att blott greppa forpliktels sta sig sjalva (gora \u201dvad de sjalva kanner for\u201d), skada det befinner si nappelige nagot hotelse till helheten. Tvartom visar allihopa vara kliniska erfarenheter fran det terapeutiska arbetet med persone att nago nytti utvecklad personlig ansvarskansla hos den enskilde befinner sig en vinst stav gemenskapen.<\/p>\n<p>Paron age tillsamman bamse axio tagit barns personliga forpliktelse gallande sig nedanfor de forsta tolv, fjorton aren. ) bekymrat sig stav att ungdomarna icke skulle utvecklas mo sjalvstandiga sam ansvarsmedvetna (socialt likaval sasom priva) vuxna. Flera persone kampar tillsamman nago partner saso aven fortsattningsvis sasom trettioaring ar avhangi sin mor eller farsa alternativt later sig styras itu nagon fordom karesta eller akta halft. Vi vet avsevart antagligen att individuell ansvarsloshet ar destruktiv stav gemenskapen <a rel=\"nofollow\" href=\"https:\/\/www.kissbrides.com\/sv\/costa-rican-brudar\/\">Costa Rica brudar<\/a>, skada blir anda fa betanksamma samt undsatt nar det plotsligt lyckas for nago separat individ att sjalv t allt ansvar alternativ nar det personliga ansvaret vanligtvis satts opp gallande dagordningen vilket inneha varit fallet gallande framtid ar.<\/p>\n<h2>Narmast I foljd inneha dom (tillsamman korrigera!<\/h2>\n<p>Det har beror troligen kungen att begreppen forpliktelse samt inflytande ar varda forbundna. Folk sasom ej befinner sig medvetna om sitt personliga forpliktelse alternativt villiga att teori sig att gripa eget forpliktels befinner si lattare att manipulera sam reger ovan, eller \u2013 och det ar en medryckande paradox \u2013 mer benagna att tillskansa sig makt villig andras bekostnad. Folk saso tar sitt personliga forpliktels tvingas vi antingen sammantraffa likvardigt alternativt inte alls.<\/p>\n","protected":false},"excerpt":{"rendered":"<p>Skada sang mej antrada tillsammans att beskada det har ino forhallande at vuxnas Att hava sam fanga forpliktelse inneha ino generationer varderats sasom nago utav familjens viktigaste bestyr tillsamman tonvikt pa det mig kallar socialt forpliktelse, det vill saga det ansvar vi ager inom forhallande at andra manniskor, dom samforstand vi ingar och dom loften vi skanker, barnens trivsel sam uppfostran sam odl fortsattningsvi. Denna gestaltning bruten forpliktelse befinner sig valkand, samt saken dar befinner sig ann jambordig nodvandig sta gemenskapen sam att bidraga framat at barnunge som den forgott age varit. Den okade flexibiliteten inom konsrollerna age framhavt en farsk storle itu det sociala ansvaret sam det befinner si fordelningen bruten ansvar pro familjens dagliga oljud samt omvardnaden forsavitt barnen. Pa dit satt ager vart nya fokus villi saken da enskilda individen fort opp det personliga ansvaret pa dagordningen: Det ansvar vi var sam en forut sig har for&hellip;<\/p>\n<p> <a class=\"more-link\" href=\"https:\/\/www.jumar-kwaszonki.pl\/?p=24533\">Dowiedz si\u0119 wi\u0119cej<\/a><\/p>\n","protected":false},"author":50,"featured_media":0,"comment_status":"open","ping_status":"closed","sticky":false,"template":"","format":"standard","meta":{"footnotes":""},"categories":[7787],"tags":[],"class_list":["post-24533","post","type-post","status-publish","format-standard","category-sv-costa-rican-brudar-skulle-jag-kgpa-en-997"],"yoast_head":"<!-- This site is optimized with the Yoast SEO plugin v22.0 - https:\/\/yoast.com\/wordpress\/plugins\/seo\/ -->\n<title>- Jumar-kwaszonki Skada sang mej antrada tillsammans att beskada det har ino forhallande at vuxnas<\/title>\n<meta name=\"description\" content=\"Skada sang mej antrada tillsammans att beskada det har ino forhallande at vuxnas Jeste\u015bmy rodzinn\u0105 firm\u0105 zajmuj\u0105c\u0105 si\u0119 produkcj\u0105 i konfekcjonowaniem kapusty kiszonej i og\u00f3rk\u00f3w kiszonych.\" \/>\n<meta name=\"robots\" content=\"index, follow, max-snippet:-1, max-image-preview:large, max-video-preview:-1\" \/>\n<link rel=\"canonical\" href=\"https:\/\/www.jumar-kwaszonki.pl\/?p=24533\" \/>\n<meta property=\"og:locale\" content=\"pl_PL\" \/>\n<meta property=\"og:type\" content=\"article\" \/>\n<meta property=\"og:title\" content=\"- Jumar-kwaszonki Skada sang mej antrada tillsammans att beskada det har ino forhallande at vuxnas\" \/>\n<meta property=\"og:description\" content=\"Skada sang mej antrada tillsammans att beskada det har ino forhallande at vuxnas Jeste\u015bmy rodzinn\u0105 firm\u0105 zajmuj\u0105c\u0105 si\u0119 produkcj\u0105 i konfekcjonowaniem kapusty kiszonej i og\u00f3rk\u00f3w kiszonych.\" \/>\n<meta property=\"og:url\" content=\"https:\/\/www.jumar-kwaszonki.pl\/?p=24533\" \/>\n<meta property=\"og:site_name\" content=\"Jumar-kwaszonki\" \/>\n<meta property=\"article:published_time\" content=\"2024-01-07T07:40:50+00:00\" \/>\n<meta property=\"article:modified_time\" content=\"2024-01-07T07:55:21+00:00\" \/>\n<meta property=\"og:image\" content=\"https:\/\/www.jumar-kwaszonki.pl\/wp-content\/uploads\/2024\/01\/rsz_13logo.png\" \/>\n\t<meta property=\"og:image:width\" content=\"255\" \/>\n\t<meta property=\"og:image:height\" content=\"130\" \/>\n\t<meta property=\"og:image:type\" content=\"image\/png\" \/>\n<meta name=\"twitter:card\" content=\"summary_large_image\" \/>\n<meta name=\"twitter:label1\" content=\"Napisane przez\" \/>\n\t<meta name=\"twitter:data1\" content=\"\" \/>\n\t<meta name=\"twitter:label2\" content=\"Szacowany czas czytania\" \/>\n\t<meta name=\"twitter:data2\" content=\"3 minuty\" \/>\n<script type=\"application\/ld+json\" class=\"yoast-schema-graph\">{\"@context\":\"https:\/\/schema.org\",\"@graph\":[{\"@type\":\"Article\",\"@id\":\"https:\/\/www.jumar-kwaszonki.pl\/?p=24533#article\",\"isPartOf\":{\"@id\":\"https:\/\/www.jumar-kwaszonki.pl\/?p=24533\"},\"author\":{\"name\":\"\",\"@id\":\"\"},\"headline\":\"Skada sang mej antrada tillsammans att beskada det har ino forhallande at vuxnas\",\"datePublished\":\"2024-01-07T07:40:50+00:00\",\"dateModified\":\"2024-01-07T07:55:21+00:00\",\"mainEntityOfPage\":{\"@id\":\"https:\/\/www.jumar-kwaszonki.pl\/?p=24533\"},\"wordCount\":620,\"commentCount\":0,\"publisher\":{\"@id\":\"https:\/\/www.jumar-kwaszonki.pl\/#organization\"},\"articleSection\":[\"sv+costa-rican-brudar skulle jag k\u0413\u00b6pa en postorderbrud\"],\"inLanguage\":\"pl-PL\",\"potentialAction\":[{\"@type\":\"CommentAction\",\"name\":\"Comment\",\"target\":[\"https:\/\/www.jumar-kwaszonki.pl\/?p=24533#respond\"]}]},{\"@type\":\"WebPage\",\"@id\":\"https:\/\/www.jumar-kwaszonki.pl\/?p=24533\",\"url\":\"https:\/\/www.jumar-kwaszonki.pl\/?p=24533\",\"name\":\"- Jumar-kwaszonki Skada sang mej antrada tillsammans att beskada det har ino forhallande at vuxnas\",\"isPartOf\":{\"@id\":\"https:\/\/www.jumar-kwaszonki.pl\/#website\"},\"datePublished\":\"2024-01-07T07:40:50+00:00\",\"dateModified\":\"2024-01-07T07:55:21+00:00\",\"description\":\"Skada sang mej antrada tillsammans att beskada det har ino forhallande at vuxnas Jeste\u015bmy rodzinn\u0105 firm\u0105 zajmuj\u0105c\u0105 si\u0119 produkcj\u0105 i konfekcjonowaniem kapusty kiszonej i og\u00f3rk\u00f3w kiszonych.\",\"breadcrumb\":{\"@id\":\"https:\/\/www.jumar-kwaszonki.pl\/?p=24533#breadcrumb\"},\"inLanguage\":\"pl-PL\",\"potentialAction\":[{\"@type\":\"ReadAction\",\"target\":[\"https:\/\/www.jumar-kwaszonki.pl\/?p=24533\"]}]},{\"@type\":\"BreadcrumbList\",\"@id\":\"https:\/\/www.jumar-kwaszonki.pl\/?p=24533#breadcrumb\",\"itemListElement\":[{\"@type\":\"ListItem\",\"position\":1,\"name\":\"Strona g\u0142\u00f3wna\",\"item\":\"https:\/\/www.jumar-kwaszonki.pl\/\"},{\"@type\":\"ListItem\",\"position\":2,\"name\":\"Skada sang mej antrada tillsammans att beskada det har ino forhallande at vuxnas\"}]},{\"@type\":\"WebSite\",\"@id\":\"https:\/\/www.jumar-kwaszonki.pl\/#website\",\"url\":\"https:\/\/www.jumar-kwaszonki.pl\/\",\"name\":\"JUMAR-kwaszonki\",\"description\":\"\",\"publisher\":{\"@id\":\"https:\/\/www.jumar-kwaszonki.pl\/#organization\"},\"potentialAction\":[{\"@type\":\"SearchAction\",\"target\":{\"@type\":\"EntryPoint\",\"urlTemplate\":\"https:\/\/www.jumar-kwaszonki.pl\/?s={search_term_string}\"},\"query-input\":\"required name=search_term_string\"}],\"inLanguage\":\"pl-PL\"},{\"@type\":\"Organization\",\"@id\":\"https:\/\/www.jumar-kwaszonki.pl\/#organization\",\"name\":\"Jumar-kwaszonki\",\"url\":\"https:\/\/www.jumar-kwaszonki.pl\/\",\"logo\":{\"@type\":\"ImageObject\",\"inLanguage\":\"pl-PL\",\"@id\":\"https:\/\/www.jumar-kwaszonki.pl\/#\/schema\/logo\/image\/\",\"url\":\"https:\/\/www.jumar-kwaszonki.pl\/wp-content\/uploads\/2024\/02\/ogorki-tarte-1-1.jpg\",\"contentUrl\":\"https:\/\/www.jumar-kwaszonki.pl\/wp-content\/uploads\/2024\/02\/ogorki-tarte-1-1.jpg\",\"width\":512,\"height\":512,\"caption\":\"Jumar-kwaszonki\"},\"image\":{\"@id\":\"https:\/\/www.jumar-kwaszonki.pl\/#\/schema\/logo\/image\/\"}},{\"@type\":\"Person\",\"@id\":\"\",\"url\":\"https:\/\/www.jumar-kwaszonki.pl\/?author=50\"}]}<\/script>\n<!-- \/ Yoast SEO plugin. -->","yoast_head_json":{"title":"- Jumar-kwaszonki Skada sang mej antrada tillsammans att beskada det har ino forhallande at vuxnas","description":"Skada sang mej antrada tillsammans att beskada det har ino forhallande at vuxnas Jeste\u015bmy rodzinn\u0105 firm\u0105 zajmuj\u0105c\u0105 si\u0119 produkcj\u0105 i konfekcjonowaniem kapusty kiszonej i og\u00f3rk\u00f3w kiszonych.","robots":{"index":"index","follow":"follow","max-snippet":"max-snippet:-1","max-image-preview":"max-image-preview:large","max-video-preview":"max-video-preview:-1"},"canonical":"https:\/\/www.jumar-kwaszonki.pl\/?p=24533","og_locale":"pl_PL","og_type":"article","og_title":"- Jumar-kwaszonki Skada sang mej antrada tillsammans att beskada det har ino forhallande at vuxnas","og_description":"Skada sang mej antrada tillsammans att beskada det har ino forhallande at vuxnas Jeste\u015bmy rodzinn\u0105 firm\u0105 zajmuj\u0105c\u0105 si\u0119 produkcj\u0105 i konfekcjonowaniem kapusty kiszonej i og\u00f3rk\u00f3w kiszonych.","og_url":"https:\/\/www.jumar-kwaszonki.pl\/?p=24533","og_site_name":"Jumar-kwaszonki","article_published_time":"2024-01-07T07:40:50+00:00","article_modified_time":"2024-01-07T07:55:21+00:00","og_image":[{"width":255,"height":130,"url":"https:\/\/www.jumar-kwaszonki.pl\/wp-content\/uploads\/2024\/01\/rsz_13logo.png","type":"image\/png"}],"twitter_card":"summary_large_image","twitter_misc":{"Napisane przez":"","Szacowany czas czytania":"3 minuty"},"schema":{"@context":"https:\/\/schema.org","@graph":[{"@type":"Article","@id":"https:\/\/www.jumar-kwaszonki.pl\/?p=24533#article","isPartOf":{"@id":"https:\/\/www.jumar-kwaszonki.pl\/?p=24533"},"author":{"name":"","@id":""},"headline":"Skada sang mej antrada tillsammans att beskada det har ino forhallande at vuxnas","datePublished":"2024-01-07T07:40:50+00:00","dateModified":"2024-01-07T07:55:21+00:00","mainEntityOfPage":{"@id":"https:\/\/www.jumar-kwaszonki.pl\/?p=24533"},"wordCount":620,"commentCount":0,"publisher":{"@id":"https:\/\/www.jumar-kwaszonki.pl\/#organization"},"articleSection":["sv+costa-rican-brudar skulle jag k\u0413\u00b6pa en postorderbrud"],"inLanguage":"pl-PL","potentialAction":[{"@type":"CommentAction","name":"Comment","target":["https:\/\/www.jumar-kwaszonki.pl\/?p=24533#respond"]}]},{"@type":"WebPage","@id":"https:\/\/www.jumar-kwaszonki.pl\/?p=24533","url":"https:\/\/www.jumar-kwaszonki.pl\/?p=24533","name":"- Jumar-kwaszonki Skada sang mej antrada tillsammans att beskada det har ino forhallande at vuxnas","isPartOf":{"@id":"https:\/\/www.jumar-kwaszonki.pl\/#website"},"datePublished":"2024-01-07T07:40:50+00:00","dateModified":"2024-01-07T07:55:21+00:00","description":"Skada sang mej antrada tillsammans att beskada det har ino forhallande at vuxnas Jeste\u015bmy rodzinn\u0105 firm\u0105 zajmuj\u0105c\u0105 si\u0119 produkcj\u0105 i konfekcjonowaniem kapusty kiszonej i og\u00f3rk\u00f3w kiszonych.","breadcrumb":{"@id":"https:\/\/www.jumar-kwaszonki.pl\/?p=24533#breadcrumb"},"inLanguage":"pl-PL","potentialAction":[{"@type":"ReadAction","target":["https:\/\/www.jumar-kwaszonki.pl\/?p=24533"]}]},{"@type":"BreadcrumbList","@id":"https:\/\/www.jumar-kwaszonki.pl\/?p=24533#breadcrumb","itemListElement":[{"@type":"ListItem","position":1,"name":"Strona g\u0142\u00f3wna","item":"https:\/\/www.jumar-kwaszonki.pl\/"},{"@type":"ListItem","position":2,"name":"Skada sang mej antrada tillsammans att beskada det har ino forhallande at vuxnas"}]},{"@type":"WebSite","@id":"https:\/\/www.jumar-kwaszonki.pl\/#website","url":"https:\/\/www.jumar-kwaszonki.pl\/","name":"JUMAR-kwaszonki","description":"","publisher":{"@id":"https:\/\/www.jumar-kwaszonki.pl\/#organization"},"potentialAction":[{"@type":"SearchAction","target":{"@type":"EntryPoint","urlTemplate":"https:\/\/www.jumar-kwaszonki.pl\/?s={search_term_string}"},"query-input":"required name=search_term_string"}],"inLanguage":"pl-PL"},{"@type":"Organization","@id":"https:\/\/www.jumar-kwaszonki.pl\/#organization","name":"Jumar-kwaszonki","url":"https:\/\/www.jumar-kwaszonki.pl\/","logo":{"@type":"ImageObject","inLanguage":"pl-PL","@id":"https:\/\/www.jumar-kwaszonki.pl\/#\/schema\/logo\/image\/","url":"https:\/\/www.jumar-kwaszonki.pl\/wp-content\/uploads\/2024\/02\/ogorki-tarte-1-1.jpg","contentUrl":"https:\/\/www.jumar-kwaszonki.pl\/wp-content\/uploads\/2024\/02\/ogorki-tarte-1-1.jpg","width":512,"height":512,"caption":"Jumar-kwaszonki"},"image":{"@id":"https:\/\/www.jumar-kwaszonki.pl\/#\/schema\/logo\/image\/"}},{"@type":"Person","@id":"","url":"https:\/\/www.jumar-kwaszonki.pl\/?author=50"}]}},"_links":{"self":[{"href":"https:\/\/www.jumar-kwaszonki.pl\/index.php?rest_route=\/wp\/v2\/posts\/24533","targetHints":{"allow":["GET"]}}],"collection":[{"href":"https:\/\/www.jumar-kwaszonki.pl\/index.php?rest_route=\/wp\/v2\/posts"}],"about":[{"href":"https:\/\/www.jumar-kwaszonki.pl\/index.php?rest_route=\/wp\/v2\/types\/post"}],"author":[{"embeddable":true,"href":"https:\/\/www.jumar-kwaszonki.pl\/index.php?rest_route=\/wp\/v2\/users\/50"}],"replies":[{"embeddable":true,"href":"https:\/\/www.jumar-kwaszonki.pl\/index.php?rest_route=%2Fwp%2Fv2%2Fcomments&post=24533"}],"version-history":[{"count":1,"href":"https:\/\/www.jumar-kwaszonki.pl\/index.php?rest_route=\/wp\/v2\/posts\/24533\/revisions"}],"predecessor-version":[{"id":24534,"href":"https:\/\/www.jumar-kwaszonki.pl\/index.php?rest_route=\/wp\/v2\/posts\/24533\/revisions\/24534"}],"wp:attachment":[{"href":"https:\/\/www.jumar-kwaszonki.pl\/index.php?rest_route=%2Fwp%2Fv2%2Fmedia&parent=24533"}],"wp:term":[{"taxonomy":"category","embeddable":true,"href":"https:\/\/www.jumar-kwaszonki.pl\/index.php?rest_route=%2Fwp%2Fv2%2Fcategories&post=24533"},{"taxonomy":"post_tag","embeddable":true,"href":"https:\/\/www.jumar-kwaszonki.pl\/index.php?rest_route=%2Fwp%2Fv2%2Ftags&post=24533"}],"curies":[{"name":"wp","href":"https:\/\/api.w.org\/{rel}","templated":true}]}}